{"id":6011,"date":"2025-11-11T09:27:34","date_gmt":"2025-11-11T13:27:34","guid":{"rendered":"https:\/\/colegioverbum.cl\/Actividades\/?p=6011"},"modified":"2025-11-11T09:27:34","modified_gmt":"2025-11-11T13:27:34","slug":"semana-de-aniversario-dia-1-baile","status":"publish","type":"post","link":"https:\/\/colegioverbum.cl\/Actividades\/2025\/11\/semana-de-aniversario-dia-1-baile\/","title":{"rendered":"Semana de Aniversario &#8211; D\u00eda 1 Baile"},"content":{"rendered":"<p>\ud83c\udf89 \u00a1Hoy el Colegio Verbum celebra 21 a\u00f1os de historia y compromiso con la educaci\u00f3n! \ud83c\udf93\u2728<br \/>\nDurante m\u00e1s de dos d\u00e9cadas hemos acompa\u00f1ado a cientos de familias curicanas, formando generaciones con valores, aprendizaje y cari\u00f1o. \ud83c\udfeb\ud83d\udc99<br \/>\nHoy celebramos este nuevo aniversario junto a la presencia de Charquic\u00e1n, nuestra querida mascota, quien ha sido parte fundamental en el fomento del aprendizaje y la alegr\u00eda de nuestros ni\u00f1os y ni\u00f1as. \ud83d\udc3e\ud83d\udcda<\/p>\n<p><img loading=\"lazy\" decoding=\"async\" src=\"https:\/\/colegioverbum.cl\/Actividades\/wp-content\/uploads\/2025\/11\/581082967_811282085051180_4439281858574971003_n.jpg\" alt=\"\" width=\"1440\" height=\"1440\" class=\"aligncenter size-full wp-image-6012\" \/><\/p>\n<p><img loading=\"lazy\" decoding=\"async\" src=\"https:\/\/colegioverbum.cl\/Actividades\/wp-content\/uploads\/2025\/11\/581119606_811282091717846_4929993661977252790_n.jpg\" alt=\"\" width=\"1440\" height=\"1440\" class=\"aligncenter size-full wp-image-6013\" \/><\/p>\n<p><img loading=\"lazy\" decoding=\"async\" src=\"https:\/\/colegioverbum.cl\/Actividades\/wp-content\/uploads\/2025\/11\/581168016_811282088384513_1443031373682546694_n.jpg\" alt=\"\" width=\"1440\" height=\"1440\" class=\"aligncenter size-full wp-image-6014\" \/><\/p>\n<p><img loading=\"lazy\" decoding=\"async\" src=\"https:\/\/colegioverbum.cl\/Actividades\/wp-content\/uploads\/2025\/11\/581220563_811282065051182_3649284290486871207_n.jpg\" alt=\"\" width=\"1440\" height=\"1440\" class=\"aligncenter size-full wp-image-6015\" \/><\/p>\n<p><img loading=\"lazy\" decoding=\"async\" src=\"https:\/\/colegioverbum.cl\/Actividades\/wp-content\/uploads\/2025\/11\/581111724_811282075051181_1160016121462823103_n.jpg\" alt=\"\" width=\"1440\" height=\"1440\" class=\"aligncenter size-full wp-image-6016\" \/><\/p>\n<p><img loading=\"lazy\" decoding=\"async\" src=\"https:\/\/colegioverbum.cl\/Actividades\/wp-content\/uploads\/2025\/11\/581226264_811282068384515_1187134044116507719_n.jpg\" alt=\"\" width=\"1440\" height=\"1440\" class=\"aligncenter size-full wp-image-6017\" \/><\/p>\n<p><img loading=\"lazy\" decoding=\"async\" src=\"https:\/\/colegioverbum.cl\/Actividades\/wp-content\/uploads\/2025\/11\/581245915_811282071717848_584928167273526261_n.jpg\" alt=\"\" width=\"1440\" height=\"1440\" class=\"aligncenter size-full wp-image-6018\" \/><\/p>\n","protected":false},"excerpt":{"rendered":"<p>\ud83c\udf89 \u00a1Hoy el Colegio Verbum celebra 21 a\u00f1os de historia y compromiso con la educaci\u00f3n! \ud83c\udf93\u2728 Durante m\u00e1s de dos d\u00e9cadas hemos acompa\u00f1ado a cientos de familias curicanas, formando generaciones&hellip; <\/p>\n","protected":false},"author":1,"featured_media":6017,"comment_status":"open","ping_status":"open","sticky":false,"template":"","format":"standard","meta":{"footnotes":""},"categories":[1],"tags":[],"class_list":["post-6011","post","type-post","status-publish","format-standard","has-post-thumbnail","hentry","category-colegio"],"_links":{"self":[{"href":"https:\/\/colegioverbum.cl\/Actividades\/wp-json\/wp\/v2\/posts\/6011","targetHints":{"allow":["GET"]}}],"collection":[{"href":"https:\/\/colegioverbum.cl\/Actividades\/wp-json\/wp\/v2\/posts"}],"about":[{"href":"https:\/\/colegioverbum.cl\/Actividades\/wp-json\/wp\/v2\/types\/post"}],"author":[{"embeddable":true,"href":"https:\/\/colegioverbum.cl\/Actividades\/wp-json\/wp\/v2\/users\/1"}],"replies":[{"embeddable":true,"href":"https:\/\/colegioverbum.cl\/Actividades\/wp-json\/wp\/v2\/comments?post=6011"}],"version-history":[{"count":1,"href":"https:\/\/colegioverbum.cl\/Actividades\/wp-json\/wp\/v2\/posts\/6011\/revisions"}],"predecessor-version":[{"id":6019,"href":"https:\/\/colegioverbum.cl\/Actividades\/wp-json\/wp\/v2\/posts\/6011\/revisions\/6019"}],"wp:featuredmedia":[{"embeddable":true,"href":"https:\/\/colegioverbum.cl\/Actividades\/wp-json\/wp\/v2\/media\/6017"}],"wp:attachment":[{"href":"https:\/\/colegioverbum.cl\/Actividades\/wp-json\/wp\/v2\/media?parent=6011"}],"wp:term":[{"taxonomy":"category","embeddable":true,"href":"https:\/\/colegioverbum.cl\/Actividades\/wp-json\/wp\/v2\/categories?post=6011"},{"taxonomy":"post_tag","embeddable":true,"href":"https:\/\/colegioverbum.cl\/Actividades\/wp-json\/wp\/v2\/tags?post=6011"}],"curies":[{"name":"wp","href":"https:\/\/api.w.org\/{rel}","templated":true}]}}