{"id":5886,"date":"2025-07-29T14:43:14","date_gmt":"2025-07-29T18:43:14","guid":{"rendered":"https:\/\/colegioverbum.cl\/Actividades\/?p=5886"},"modified":"2025-07-29T14:43:14","modified_gmt":"2025-07-29T18:43:14","slug":"efemeride-30-de-julio-dia-de-la-region-del-maule","status":"publish","type":"post","link":"https:\/\/colegioverbum.cl\/Actividades\/2025\/07\/efemeride-30-de-julio-dia-de-la-region-del-maule\/","title":{"rendered":"Efem\u00e9ride: 30 de julio d\u00eda de la regi\u00f3n del Maule"},"content":{"rendered":"<p>\ud83c\udf89 Celebramos el D\u00eda de la Regi\u00f3n del Maule en Verbum \ud83c\udf3f<\/p>\n<p>Con gran alegr\u00eda y entusiasmo, los estudiantes de NT1A y NT1B protagonizaron un emotivo acto conmemorativo por el 30 de julio, D\u00eda de la Regi\u00f3n del Maule.<\/p>\n<p>A trav\u00e9s de cantos, juegos y presentaciones, nuestros peque\u00f1os estudiantes rindieron homenaje a la riqueza cultural, natural y patrimonial de nuestra hermosa regi\u00f3n.<\/p>\n<p>Desde los primeros niveles, en el Colegio Verbum fomentamos el amor por nuestras ra\u00edces, el sentido de pertenencia y la identidad regional.<\/p>\n<p>\u00a1Felicitaciones a nuestros estudiantes y equipo educativo por tan hermosa celebraci\u00f3n! \ud83d\udc99\ud83c\udfde\ufe0f\ud83c\udf3d<img loading=\"lazy\" decoding=\"async\" src=\"https:\/\/colegioverbum.cl\/Actividades\/wp-content\/uploads\/2025\/07\/Imagen-de-WhatsApp-2025-07-29-a-las-14.16.35_973271be.jpg\" alt=\"\" width=\"4080\" height=\"2296\" class=\"aligncenter size-full wp-image-5887\" \/><\/p>\n<p><img loading=\"lazy\" decoding=\"async\" src=\"https:\/\/colegioverbum.cl\/Actividades\/wp-content\/uploads\/2025\/07\/Imagen-de-WhatsApp-2025-07-29-a-las-14.16.35_53540007.jpg\" alt=\"\" width=\"4080\" height=\"2296\" class=\"aligncenter size-full wp-image-5888\" \/><\/p>\n<p><img loading=\"lazy\" decoding=\"async\" src=\"https:\/\/colegioverbum.cl\/Actividades\/wp-content\/uploads\/2025\/07\/Imagen-de-WhatsApp-2025-07-29-a-las-14.16.35_25910ada.jpg\" alt=\"\" width=\"4080\" height=\"2296\" class=\"aligncenter size-full wp-image-5889\" \/><\/p>\n","protected":false},"excerpt":{"rendered":"<p>\ud83c\udf89 Celebramos el D\u00eda de la Regi\u00f3n del Maule en Verbum \ud83c\udf3f Con gran alegr\u00eda y entusiasmo, los estudiantes de NT1A y NT1B protagonizaron un emotivo acto conmemorativo por el&hellip; <\/p>\n","protected":false},"author":1,"featured_media":0,"comment_status":"open","ping_status":"open","sticky":false,"template":"","format":"standard","meta":{"footnotes":""},"categories":[1],"tags":[],"class_list":["post-5886","post","type-post","status-publish","format-standard","hentry","category-colegio"],"_links":{"self":[{"href":"https:\/\/colegioverbum.cl\/Actividades\/wp-json\/wp\/v2\/posts\/5886","targetHints":{"allow":["GET"]}}],"collection":[{"href":"https:\/\/colegioverbum.cl\/Actividades\/wp-json\/wp\/v2\/posts"}],"about":[{"href":"https:\/\/colegioverbum.cl\/Actividades\/wp-json\/wp\/v2\/types\/post"}],"author":[{"embeddable":true,"href":"https:\/\/colegioverbum.cl\/Actividades\/wp-json\/wp\/v2\/users\/1"}],"replies":[{"embeddable":true,"href":"https:\/\/colegioverbum.cl\/Actividades\/wp-json\/wp\/v2\/comments?post=5886"}],"version-history":[{"count":1,"href":"https:\/\/colegioverbum.cl\/Actividades\/wp-json\/wp\/v2\/posts\/5886\/revisions"}],"predecessor-version":[{"id":5890,"href":"https:\/\/colegioverbum.cl\/Actividades\/wp-json\/wp\/v2\/posts\/5886\/revisions\/5890"}],"wp:attachment":[{"href":"https:\/\/colegioverbum.cl\/Actividades\/wp-json\/wp\/v2\/media?parent=5886"}],"wp:term":[{"taxonomy":"category","embeddable":true,"href":"https:\/\/colegioverbum.cl\/Actividades\/wp-json\/wp\/v2\/categories?post=5886"},{"taxonomy":"post_tag","embeddable":true,"href":"https:\/\/colegioverbum.cl\/Actividades\/wp-json\/wp\/v2\/tags?post=5886"}],"curies":[{"name":"wp","href":"https:\/\/api.w.org\/{rel}","templated":true}]}}